[{"@context":"https:\/\/schema.org\/","@type":"Article","@id":"https:\/\/www.tbwa.cz\/proc-je-stehovani-do-zahranici-tak-narocne\/#Article","mainEntityOfPage":"https:\/\/www.tbwa.cz\/proc-je-stehovani-do-zahranici-tak-narocne\/","headline":"Pro\u010d je st\u011bhov\u00e1n\u00ed do zahrani\u010d\u00ed tak n\u00e1ro\u010dn\u00e9","name":"Pro\u010d je st\u011bhov\u00e1n\u00ed do zahrani\u010d\u00ed tak n\u00e1ro\u010dn\u00e9","description":"V dne\u0161n\u00ed dob\u011b se st\u00e1le v\u00edce mlad\u00fdch lid\u00ed st\u011bhuje za prac\u00ed do zahrani\u010d\u00ed. A je jasn\u00e9, pro\u010d \u2013 nab\u00edz\u00ed se zde lep\u0161\u00ed pracovn\u00ed podm\u00ednky i vy\u0161\u0161\u00ed plat. A jeliko\u017e Evropsk\u00e1 Unie umo\u017e\u0148uje v r\u00e1mci sv\u00fdch hranic voln\u00fd pohyb osob, nejsou v tomto p\u0159\u00edpad\u011b pot\u0159eba ani v\u00edza \u010di jin\u00e9 speci\u00e1ln\u00ed administrativn\u00ed \u00fakony. P\u0159esto je st\u011bhov\u00e1n\u00ed do...<p class=\"more-link-wrap\"><a href=\"https:\/\/www.tbwa.cz\/proc-je-stehovani-do-zahranici-tak-narocne\/\" class=\"more-link\">P\u0159e\u010d\u00edst<span class=\"screen-reader-text\"> &ldquo;Pro\u010d je st\u011bhov\u00e1n\u00ed do zahrani\u010d\u00ed tak n\u00e1ro\u010dn\u00e9&rdquo;<\/span> &raquo;<\/a><\/p>","datePublished":"2025-11-13","dateModified":"2025-11-13","author":{"@type":"Person","@id":"https:\/\/www.tbwa.cz\/author\/#Person","name":"","url":"https:\/\/www.tbwa.cz\/author\/","identifier":1,"image":{"@type":"ImageObject","@id":"https:\/\/secure.gravatar.com\/avatar\/d81a95b988e562d8ac0fc1eb5578e43f924bf78e85c5259f0dcab44a306610fa?s=96&d=mm&r=g","url":"https:\/\/secure.gravatar.com\/avatar\/d81a95b988e562d8ac0fc1eb5578e43f924bf78e85c5259f0dcab44a306610fa?s=96&d=mm&r=g","height":96,"width":96}},"publisher":{"@type":"Organization","name":"tbwa.cz","logo":{"@type":"ImageObject","@id":"\/logo.png","url":"\/logo.png","width":600,"height":60}},"image":{"@type":"ImageObject","@id":"https:\/\/www.tbwa.cz\/wp-content\/uploads\/stehovani4_10_4.png","url":"https:\/\/www.tbwa.cz\/wp-content\/uploads\/stehovani4_10_4.png","height":0,"width":0},"url":"https:\/\/www.tbwa.cz\/proc-je-stehovani-do-zahranici-tak-narocne\/","about":["Spole\u010dnosti"],"wordCount":434,"articleBody":"   V dne\u0161n\u00ed dob\u011b se st\u00e1le v\u00edce mlad\u00fdch lid\u00ed st\u011bhuje za prac\u00ed do zahrani\u010d\u00ed. A je jasn\u00e9, pro\u010d \u2013 nab\u00edz\u00ed se zde lep\u0161\u00ed pracovn\u00ed podm\u00ednky i vy\u0161\u0161\u00ed plat. A jeliko\u017e Evropsk\u00e1 Unie umo\u017e\u0148uje v r\u00e1mci sv\u00fdch hranic voln\u00fd pohyb osob, nejsou v tomto p\u0159\u00edpad\u011b pot\u0159eba ani v\u00edza \u010di jin\u00e9 speci\u00e1ln\u00ed administrativn\u00ed \u00fakony. P\u0159esto je st\u011bhov\u00e1n\u00ed do zahrani\u010d\u00ed Zahrani\u010dn\u00ed st\u011bhov\u00e1n\u00ed jednou z nejv\u00edce stresuj\u00edc\u00edch v\u011bc\u00ed, se kter\u00fdmi se m\u016f\u017eeme v \u017eivot\u011b setkat, a to hned z n\u011bkolika d\u016fvod\u016f. T\u00edm prvn\u00edm je jazykov\u00e1 bari\u00e9ra. Jist\u011b, m\u016f\u017eeme se dan\u00fd jazyk nau\u010dit pom\u011brn\u011b dob\u0159e, nebo alespo\u0148 dostate\u010dn\u011b dob\u0159e na to, abychom mohli v\u00e9st b\u011b\u017enou konverzaci a obstarat si, co pot\u0159ebujeme. Mnoz\u00ed se v n\u011bm dokonce stanou velmi plynul\u00fdmi. Av\u0161ak v\u017edy si budeme uv\u011bdomovat, \u017ee se nejedn\u00e1 o na\u0161i \u0159e\u010d, a mluvit takto dlouhodob\u011b m\u00e1 na na\u0161i psychiku lehce negativn\u00ed vliv. Ov\u0161em nen\u00ed to n\u011bco, co by ne\u0161lo v p\u0159\u00edpad\u011b pot\u0159eby doplnit, pokud o to stoj\u00ed. Jin\u00fd jazyk v\u0161ak nen\u00ed t\u00edm jedin\u00fdm, s \u010d\u00edm se budeme muset pot\u00fdkat. Dal\u0161\u00edm probl\u00e9mem jsou tak\u00e9 jin\u00e9 zvyky a jin\u00e1 kultura, na kterou se mus\u00edme adaptovat. Zde samoz\u0159ejm\u011b z\u00e1le\u017e\u00ed na tom, do kter\u00e9 zem\u011b se st\u011bhujeme, av\u0161ak \u201eculture shock\u201c pro\u017eijeme v\u0161ichni. Je v\u0161ak pot\u0159eba si pamatovat, \u017ee i kdy\u017e jsme byli v dan\u00e9m st\u00e1t\u011b p\u0159edt\u00edm na dovolen\u00e9, nebylo to rozhodn\u011b dost k tomu, abychom z\u00edskali p\u0159esn\u00fd p\u0159ehled o kultu\u0159e dan\u00e9ho st\u00e1tu.Po\u010d\u00edtat je tak\u00e9 pot\u0159eba s jin\u00fdmi z\u00e1kony. Ka\u017ed\u00e1 zem\u011b m\u00e1 sv\u00e9 specifick\u00e9, a v\u011bci, kter\u00e9 jsou u n\u00e1s leg\u00e1ln\u00ed, v\u00e1s mohou v zahrani\u010d\u00ed dostat do pot\u00ed\u017e\u00ed \u2013 a naopak. V\u0161ude v\u0161ak plat\u00ed, \u017ee neznalost z\u00e1kona neomlouv\u00e1. Je proto vhodn\u00e9 si je\u0161t\u011b p\u0159ed st\u011bhov\u00e1n\u00edm v tomto ohledu n\u011bco na\u010d\u00edst. V neposledn\u00ed \u0159ad\u011b zde pak m\u00e1me pocit odtr\u017een\u00ed. Budeme na zcela nov\u00e9m m\u00edst\u011b, kde pravd\u011bpodobn\u011b nebudeme nikoho zn\u00e1t. A to n\u00e1m m\u016f\u017ee zp\u016fsobit pom\u011brn\u011b slu\u0161n\u00e9 psychick\u00e9 pot\u00ed\u017ee. Ov\u0161em pokud tam najdeme nap\u0159\u00edklad \u010deskou komunitu, pak riskujeme, \u017ee se v podstat\u011b \u201euzav\u0159eme\u201c do n\u00ed, co\u017e tak\u00e9 nen\u00ed dobr\u00fd n\u00e1pad. Je zkr\u00e1tka nutn\u00e9 b\u00fdt opatrn\u00fd.                                                                                                                                                                                                                                                                                                                                                                                                  "},{"@context":"https:\/\/schema.org\/","@type":"BreadcrumbList","itemListElement":[{"@type":"ListItem","position":1,"name":"Pro\u010d je st\u011bhov\u00e1n\u00ed do zahrani\u010d\u00ed tak n\u00e1ro\u010dn\u00e9","item":"https:\/\/www.tbwa.cz\/proc-je-stehovani-do-zahranici-tak-narocne\/#breadcrumbitem"}]}]