[{"@context":"https:\/\/schema.org\/","@type":"Article","@id":"https:\/\/www.tbwa.cz\/osvezte-se-v-lete-na-zahrade\/#Article","mainEntityOfPage":"https:\/\/www.tbwa.cz\/osvezte-se-v-lete-na-zahrade\/","headline":"Osv\u011b\u017ete se v l\u00e9t\u011b na zahrad\u011b","name":"Osv\u011b\u017ete se v l\u00e9t\u011b na zahrad\u011b","description":"V hork\u00fdch letn\u00edch dnech byste jist\u011b dali nev\u00edm co, za trochu st\u00ednu a ochlazen\u00ed a ono po\u0159\u00e1d nep\u0159ich\u00e1z\u00ed. Jak se osv\u011b\u017eit na sv\u00e9 zahrad\u011b, kde nen\u00ed dostatek vzrostl\u00fdch strom\u016f ani baz\u00e9n? Budete v\u00e1m k tomu sta\u010dit jenom p\u00e1r vychyt\u00e1vek. Kdepak je ten st\u00edn? V parn\u00fdch dnech bychom dali kdov\u00ed co za kousek m\u00edsta, kde by...<p class=\"more-link-wrap\"><a href=\"https:\/\/www.tbwa.cz\/osvezte-se-v-lete-na-zahrade\/\" class=\"more-link\">P\u0159e\u010d\u00edst<span class=\"screen-reader-text\"> &ldquo;Osv\u011b\u017ete se v l\u00e9t\u011b na zahrad\u011b&rdquo;<\/span> &raquo;<\/a><\/p>","datePublished":"2018-10-07","dateModified":"2023-05-06","author":{"@type":"Person","@id":"https:\/\/www.tbwa.cz\/author\/#Person","name":"","url":"https:\/\/www.tbwa.cz\/author\/","identifier":1,"image":{"@type":"ImageObject","@id":"https:\/\/secure.gravatar.com\/avatar\/d81a95b988e562d8ac0fc1eb5578e43f924bf78e85c5259f0dcab44a306610fa?s=96&d=mm&r=g","url":"https:\/\/secure.gravatar.com\/avatar\/d81a95b988e562d8ac0fc1eb5578e43f924bf78e85c5259f0dcab44a306610fa?s=96&d=mm&r=g","height":96,"width":96}},"publisher":{"@type":"Organization","name":"tbwa.cz","logo":{"@type":"ImageObject","@id":"\/logo.png","url":"\/logo.png","width":600,"height":60}},"image":{"@type":"ImageObject","@id":"https:\/\/www.tbwa.cz\/wp-content\/uploads\/img_a331625_w1765_t1544222140.jpg","url":"https:\/\/www.tbwa.cz\/wp-content\/uploads\/img_a331625_w1765_t1544222140.jpg","height":0,"width":0},"url":"https:\/\/www.tbwa.cz\/osvezte-se-v-lete-na-zahrade\/","about":["D\u011bti"],"wordCount":421,"articleBody":"       V hork\u00fdch letn\u00edch dnech byste jist\u011b dali nev\u00edm co, za trochu st\u00ednu a ochlazen\u00ed a ono po\u0159\u00e1d nep\u0159ich\u00e1z\u00ed. Jak se osv\u011b\u017eit na sv\u00e9 zahrad\u011b, kde nen\u00ed dostatek vzrostl\u00fdch strom\u016f ani baz\u00e9n? Budete v\u00e1m k tomu sta\u010dit jenom p\u00e1r vychyt\u00e1vek. Kdepak je ten st\u00edn? V parn\u00fdch dnech bychom dali kdov\u00ed co za kousek m\u00edsta, kde by na n\u00e1s nesv\u00edtilo ostr\u00e9 odpoledn\u00ed slunce. Kde bychom mohli aspo\u0148 na chvilku neru\u0161en\u011b spo\u010dinout. Vysadit na zahrad\u011b v\u011bt\u0161\u00ed mno\u017estv\u00ed strom\u016f je sice \u0159e\u0161en\u00ed, ale tolik t\u00ed\u017een\u00e9ho st\u00ednu se do\u010dk\u00e1me a\u017e za n\u011bkolik let. Rozhodn\u011b v\u00e1m tak\u00e9 nemus\u00edme p\u0159ipom\u00ednat, \u017ee takov\u00fd slune\u010dn\u00edk v\u00e1m bude slou\u017eit dob\u0159e. Pod n\u011bj u\u017e bude sta\u010dit um\u00edstit vhodn\u00fd zahradn\u00ed n\u00e1bytek a m\u00e1te vystar\u00e1no. Slune\u010dn\u00edk\u016f p\u0159itom m\u00e1me hned n\u011bkolik druh\u016f, rozd\u011blujeme je na mal\u00e9 a velk\u00e9 nebo tak\u00e9 na vzp\u0159\u00edmen\u00e9 nebo z\u00e1v\u011bsn\u00e9. Zkuste se porozhl\u00e9dnout po slune\u010dn\u00edku s kloubem, d\u00edky kter\u00e9mu m\u016f\u017eete m\u011bnit jeho sklon v z\u00e1vislosti na putuj\u00edc\u00edm slunci.M\u00edsto pod slune\u010dn\u00edk rovnou pod st\u0159echu Klasick\u00e9 slune\u010dn\u00edky m\u016f\u017eete hrav\u011b nahradit pomoc\u00ed zahradn\u00edch stan\u016f. Tyto stany nebi chcete-li zahradn\u00ed alt\u00e1ny, uvid\u00edte \u010dasto na zahradn\u00edch oslav\u00e1ch nebo p\u0159i venkovn\u00edm grilov\u00e1n\u00ed. Ov\u0161em pro\u010d se \u0159\u00eddit p\u0159edepsan\u00fdmi kodexy, kdy\u017e m\u016f\u017eete m\u00edt takov\u00fd alt\u00e1n na zahrad\u011b p\u0159es cel l\u00e9to. Nem\u011blo byste v\u0161ak zapom\u00ednat na jeho spr\u00e1vn\u00e9 ukotven\u00ed. V\u011btrn\u00e9 po\u010das\u00ed by ho mohlo velmi snadno po\u0161kodit nebo dokonce zp\u016fsobit \u0161kody na zahrad\u011b. Stan m\u016f\u017eete je\u0161t\u011b dovybavit odn\u00edmateln\u00fdmi bo\u010dnicemi, kter\u00e9 v\u00e1s budou chr\u00e1nit p\u0159ed nep\u0159\u00edzniv\u00fdm po\u010das\u00edm a umo\u017en\u00ed tak posezen\u00ed na zahrad\u011b za jak\u00e9hokoliv po\u010das\u00ed. Nej\u010dast\u011bj\u0161\u00ed variantou jsou alt\u00e1ny v b\u00edl\u00e9 barv\u011b, ale v nab\u00eddce najdete \u0161irokou \u0161k\u00e1lu barev a velikost\u00ed.Radov\u00e1nky s vodou U\u017e\u00edvejte si vodn\u00ed radov\u00e1nky, pokud nem\u00e1te prostor pro velk\u00fd baz\u00e9n, bohat\u011b posta\u010d\u00ed sol\u00e1rn\u00ed sprcha. P\u0159es den p\u0159\u00edjemn\u011b osv\u011b\u017e\u00ed a ve\u010der v\u00e1s obda\u0159\u00ed n\u00e1dhern\u011b teplou vodou. Pro d\u011bti bude pak dob\u0159e slou\u017eit mal\u00fd nafukovac\u00ed baz\u00e9n.                                                                                                                                                                                                                                                                                                                                                                                                  "},{"@context":"https:\/\/schema.org\/","@type":"BreadcrumbList","itemListElement":[{"@type":"ListItem","position":1,"name":"Osv\u011b\u017ete se v l\u00e9t\u011b na zahrad\u011b","item":"https:\/\/www.tbwa.cz\/osvezte-se-v-lete-na-zahrade\/#breadcrumbitem"}]}]