[{"@context":"https:\/\/schema.org\/","@type":"Article","@id":"https:\/\/www.tbwa.cz\/na-dovolenou-do-recka\/#Article","mainEntityOfPage":"https:\/\/www.tbwa.cz\/na-dovolenou-do-recka\/","headline":"Na dovolenou do \u0158ecka","name":"Na dovolenou do \u0158ecka","description":"Pokud uva\u017eujete o dovolen\u00e9, ur\u010dit\u011b jedna z destinac\u00ed, kter\u00e1 V\u00e1s bude zaj\u00edmat bude \u0158ecko. Ofici\u00e1ln\u011b tedy \u0158eck\u00e1 republika. Hlavn\u00edm m\u011bstem jsou Ath\u00e9ny s 2,5 miliony obyvatel, kam samoz\u0159ejm\u011b doporu\u010duji ud\u011blat si v\u00fdlet. \u00da\u0159edn\u00edm jazykem je zde samoz\u0159ejm\u011b \u0158e\u010dtina, nicm\u00e9n\u011b anglicky se zde dohovo\u0159\u00edte t\u00e9m\u011b\u0159 bez probl\u00e9m\u016f a v\u0161ude. Pokud se sem vyd\u00e1te z \u010cesk\u00e9 republiky,...<p class=\"more-link-wrap\"><a href=\"https:\/\/www.tbwa.cz\/na-dovolenou-do-recka\/\" class=\"more-link\">P\u0159e\u010d\u00edst<span class=\"screen-reader-text\"> &ldquo;Na dovolenou do \u0158ecka&rdquo;<\/span> &raquo;<\/a><\/p>","datePublished":"2023-05-06","dateModified":"2023-05-06","author":{"@type":"Person","@id":"https:\/\/www.tbwa.cz\/author\/#Person","name":"","url":"https:\/\/www.tbwa.cz\/author\/","identifier":1,"image":{"@type":"ImageObject","@id":"https:\/\/secure.gravatar.com\/avatar\/d81a95b988e562d8ac0fc1eb5578e43f924bf78e85c5259f0dcab44a306610fa?s=96&d=mm&r=g","url":"https:\/\/secure.gravatar.com\/avatar\/d81a95b988e562d8ac0fc1eb5578e43f924bf78e85c5259f0dcab44a306610fa?s=96&d=mm&r=g","height":96,"width":96}},"publisher":{"@type":"Organization","name":"tbwa.cz","logo":{"@type":"ImageObject","@id":"\/logo.png","url":"\/logo.png","width":600,"height":60}},"url":"https:\/\/www.tbwa.cz\/na-dovolenou-do-recka\/","wordCount":406,"articleBody":" Pokud uva\u017eujete o dovolen\u00e9, ur\u010dit\u011b jedna z destinac\u00ed, kter\u00e1 V\u00e1s bude zaj\u00edmat bude \u0158ecko. Ofici\u00e1ln\u011b tedy \u0158eck\u00e1 republika. Hlavn\u00edm m\u011bstem jsou Ath\u00e9ny s 2,5 miliony obyvatel, kam samoz\u0159ejm\u011b doporu\u010duji ud\u011blat si v\u00fdlet. \u00da\u0159edn\u00edm jazykem je zde samoz\u0159ejm\u011b \u0158e\u010dtina, nicm\u00e9n\u011b anglicky se zde dohovo\u0159\u00edte t\u00e9m\u011b\u0159 bez probl\u00e9m\u016f a v\u0161ude. Pokud se sem vyd\u00e1te z \u010cesk\u00e9 republiky, po\u010d\u00edtejte s \u010dasov\u00fdm posunem, p\u0159i kter\u00e9m p\u0159id\u00e1te jednu hodinu oproti \u010dasu na\u0161emu.&#13; &#13; \u0158ecko a bohat\u00e1 historie&#13; \u0158ecko m\u00e1 opravdu bohatou a dlouhou historii, kter\u00e1 ukr\u00fdv\u00e1 tajemstv\u00ed lidsk\u00e9 moudrosti a tak\u00e9 kr\u00e1sy. Samoz\u0159ejm\u011b si vybav\u00edme mytologick\u00e9 b\u00e1je a m\u00fdty, kter\u00e9 p\u0159edstavuj\u00ed kol\u00e9bku z\u00e1padn\u00ed kultury.&#13; &#13; &#13; Poloha a p\u0159\u00edroda&#13; \u0158ecko nalezneme na jihov\u00fdchod\u011b Evropy, na ji\u017en\u00edm v\u00fdb\u011b\u017eku Balk\u00e1nsk\u00e9ho poloostrova. \u010c\u00e1st se rozkl\u00e1d\u00e1 na pevnin\u011b a \u010d\u00e1st na ostrovech v mo\u0159i J\u00f3nsk\u00e9m, St\u0159edozemn\u00edm a Egejsk\u00e9m. V \u0158ecku je samoz\u0159ejm\u011b kr\u00e1sn\u00e1 p\u0159\u00edroda, horsk\u00e9 masivy, drav\u00e9 \u0159eky, n\u00e1dhern\u00e9 pob\u0159e\u017e\u00ed s pl\u00e1\u017eemi. Osobn\u011b V\u00e1m doporu\u010duji v\u00fdlet do sout\u011bsky Samaria na Kr\u00e9t\u011b, kter\u00e1 je nejen n\u00e1dhern\u00fdm p\u0159\u00edrodn\u00edm \u00fakazem, ale tato proch\u00e1zka je tak\u00e9 velmi solidn\u00edm sportovn\u00edm v\u00fdkonem. P\u0159ibli\u017en\u011b \u0161estn\u00e1ct kilometr\u016f pom\u011brn\u011b obt\u00ed\u017en\u00fdm ter\u00e9nem z V\u00e1s ud\u011bl\u00e1 siln\u011bj\u0161\u00edho \u010dlov\u011bka.&#13; &#13; Delikatesy&#13; Nejzn\u00e1m\u011bj\u0161\u00ed delikatesou je samoz\u0159ejm\u011b \u0159eck\u00fd jogurt vyr\u00e1b\u011bn\u00fd z prav\u00e9ho \u0159eck\u00e9ho ml\u00e9ka a smetany. Pou\u017e\u00edv\u00e1 se jako surovina do tradi\u010dn\u00edch \u0159eck\u00fdch sal\u00e1t\u016f, ale i \u0159eck\u00fdch mou\u010dn\u00edk\u016f. Ur\u010dit\u011b jste tak\u00e9 sly\u0161ely o v\u00fdborn\u00e9m \u0159eck\u00e9m j\u00eddle tzatziky. Ur\u010dit\u011b je velmi pravd\u011bpodobn\u00e9, \u017ee si pochutn\u00e1te na jejich skv\u011bl\u00fdch oliv\u00e1ch, olivov\u00e9m oleji, vinn\u00fdch listech \u010di su\u0161en\u00fdch raj\u010datech.&#13; &#13; &#13; Co o \u0158ecku nev\u00edte&#13; \u0158ecko se pova\u017euje za kol\u00e9bku evropsk\u00e9 civilizace a mimo toho tak\u00e9 za kol\u00e9bku indoevropsk\u00fdch jazyk\u016f. \u0158e\u010dtina m\u00e1 toti\u017e jednozna\u010dn\u011b nejd\u00e9le \u010dasov\u011b dokumentovanou historii v\u00fdvoje jazyka. Nejstar\u0161\u00ed z\u00e1znamy jsou star\u0161\u00ed t\u0159\u00ed tis\u00edc let. N\u011bkter\u00e1 \u0159eck\u00e1 p\u00edsmena t\u00e9to abecedy se dodnes pou\u017e\u00edvaj\u00ed ve fyzice a matematice.&#13;                                                                                                                                                                                                                                                                                                                                                                                                "},{"@context":"https:\/\/schema.org\/","@type":"BreadcrumbList","itemListElement":[{"@type":"ListItem","position":1,"name":"Na dovolenou do \u0158ecka","item":"https:\/\/www.tbwa.cz\/na-dovolenou-do-recka\/#breadcrumbitem"}]}]