[{"@context":"https:\/\/schema.org\/","@type":"Article","@id":"https:\/\/www.tbwa.cz\/i-vy-muzete-pouzivat-profesionalni-kosmetiku\/#Article","mainEntityOfPage":"https:\/\/www.tbwa.cz\/i-vy-muzete-pouzivat-profesionalni-kosmetiku\/","headline":"I vy m\u016f\u017eete pou\u017e\u00edvat profesion\u00e1ln\u00ed kosmetiku","name":"I vy m\u016f\u017eete pou\u017e\u00edvat profesion\u00e1ln\u00ed kosmetiku","description":"Nepoda\u0159ilo se v\u00e1m s va\u0161\u00edm sal\u00f3nem obsadit na trhu takov\u00e9 m\u00edsto, jak\u00e9 jste si p\u0159edstavovali? Neda\u0159\u00ed se v\u00e1m uspokojit va\u0161e n\u00e1ro\u010dn\u00e9 z\u00e1kaznice natolik, aby se k v\u00e1m pravideln\u011b vracely? P\u0159\u00e1la byste si roz\u0161\u00ed\u0159it klientelu, proto\u017ee jste p\u0159esv\u011bd\u010den\u00e1, \u017ee va\u0161e schopnosti a znalosti jsou k tomu dosta\u010duj\u00edc\u00ed? Pak byste m\u011bla rozhodn\u011b zv\u00e1\u017eit, zda je vyhovuj\u00edc\u00ed v\u00e1mi...<p class=\"more-link-wrap\"><a href=\"https:\/\/www.tbwa.cz\/i-vy-muzete-pouzivat-profesionalni-kosmetiku\/\" class=\"more-link\">P\u0159e\u010d\u00edst<span class=\"screen-reader-text\"> &ldquo;I vy m\u016f\u017eete pou\u017e\u00edvat profesion\u00e1ln\u00ed kosmetiku&rdquo;<\/span> &raquo;<\/a><\/p>","datePublished":"2024-04-18","dateModified":"2024-04-18","author":{"@type":"Person","@id":"https:\/\/www.tbwa.cz\/author\/#Person","name":"","url":"https:\/\/www.tbwa.cz\/author\/","identifier":1,"image":{"@type":"ImageObject","@id":"https:\/\/secure.gravatar.com\/avatar\/d81a95b988e562d8ac0fc1eb5578e43f924bf78e85c5259f0dcab44a306610fa?s=96&d=mm&r=g","url":"https:\/\/secure.gravatar.com\/avatar\/d81a95b988e562d8ac0fc1eb5578e43f924bf78e85c5259f0dcab44a306610fa?s=96&d=mm&r=g","height":96,"width":96}},"publisher":{"@type":"Organization","name":"tbwa.cz","logo":{"@type":"ImageObject","@id":"\/logo.png","url":"\/logo.png","width":600,"height":60}},"url":"https:\/\/www.tbwa.cz\/i-vy-muzete-pouzivat-profesionalni-kosmetiku\/","wordCount":244,"articleBody":"Nepoda\u0159ilo se v\u00e1m s va\u0161\u00edm sal\u00f3nem obsadit na trhu takov\u00e9 m\u00edsto, jak\u00e9 jste si p\u0159edstavovali? Neda\u0159\u00ed se v\u00e1m uspokojit va\u0161e n\u00e1ro\u010dn\u00e9 z\u00e1kaznice natolik, aby se k v\u00e1m pravideln\u011b vracely? P\u0159\u00e1la byste si roz\u0161\u00ed\u0159it klientelu, proto\u017ee jste p\u0159esv\u011bd\u010den\u00e1, \u017ee va\u0161e schopnosti a znalosti jsou k tomu dosta\u010duj\u00edc\u00ed? Pak byste m\u011bla rozhodn\u011b zv\u00e1\u017eit, zda je vyhovuj\u00edc\u00ed v\u00e1mi pou\u017e\u00edvan\u00e1 kosmetika. Ta je toti\u017e schopna usnadnit v\u00e1m pr\u00e1ci a vr\u00e1tit v\u00e1m sebed\u016fv\u011bru.\tV\u00fdjime\u010dn\u00e1 \u0161ance pro v\u00e1\u0161 sal\u00f3nPokud jste se rozhodla bojovat a d\u00e1t va\u0161emu sal\u00f3nu dal\u0161\u00ed \u0161anci, pak byste si m\u011bla co nejd\u0159\u00edve prohl\u00e9dnout na\u0161e internetov\u00e9 str\u00e1nky. Zde se toti\u017e dozv\u00edte spoustu zaj\u00edmavost\u00ed, kter\u00e9 s va\u0161\u00ed prac\u00ed \u00fazce souvis\u00ed. Z\u00e1rove\u0148 je v\u00e1m k dispozici ka\u017ed\u00fd z na\u0161ich produktov\u00fdch \u0159ad a produkt\u016f, kter\u00fdch je opravdu nespo\u010det. V\u011b\u0159te, \u017ee s na\u0161imi v\u00fdrobky dok\u00e1\u017eete uspokojit i ty nejn\u00e1ro\u010dn\u011bj\u0161\u00ed z\u00e1kaznice a poradit si s ka\u017ed\u00fdm druhem pleti. Rozhodn\u011b si nenechte uj\u00edt va\u0161e p\u0159\u00edpadn\u00e9 v\u00fdhody, pokud byste uva\u017eovala o spolupr\u00e1ci s n\u00e1mi. Z na\u0161ich dlouholet\u00fdch zku\u0161enost\u00ed v\u00edme, \u017ee s na\u0161imi produkty v\u00e1\u0161 sal\u00f3n op\u011bt o\u017eije.                                                                                                                                                                                                                                                                                                                                                                                                "},{"@context":"https:\/\/schema.org\/","@type":"BreadcrumbList","itemListElement":[{"@type":"ListItem","position":1,"name":"I vy m\u016f\u017eete pou\u017e\u00edvat profesion\u00e1ln\u00ed kosmetiku","item":"https:\/\/www.tbwa.cz\/i-vy-muzete-pouzivat-profesionalni-kosmetiku\/#breadcrumbitem"}]}]